{"id":492,"date":"2022-08-16T17:34:19","date_gmt":"2022-08-16T15:34:19","guid":{"rendered":"http:\/\/tribu-macroqa.francismizio.net\/?p=492"},"modified":"2022-08-16T17:34:19","modified_gmt":"2022-08-16T15:34:19","slug":"totems-de-lesprit-fute-toucan-toco","status":"publish","type":"post","link":"https:\/\/tribu-macroqa.francis-mizio.net\/tribu-macroqa\/totems-de-lesprit-fute-toucan-toco\/","title":{"rendered":"Totems de l&rsquo;Esprit Fut\u00e9 Toucan Toco"},"content":{"rendered":"<p>(Dessin\u00e9s par l&rsquo;<a href=\"https:\/\/www.midjourney.com\/showcase\/\" target=\"_blank\" rel=\"noopener\">IA Midjourney, comme toutes les illustrations de bonus).<\/a><\/p>\n<p style=\"text-align: justify;\">Chaque famille macroqa poss\u00e8de \u00e0 proximit\u00e9 de sa case ou de son carbet un totem de l&rsquo;Esprit Fut\u00e9 Toucan Toco, entit\u00e9 majeure de la cosmogonie de la tribu et esprit des Origines, pr\u00e9sent d\u00e8s le D\u00e9but du Tout-D\u00e9but. R\u00e9alis\u00e9 par le chef de famille le f\u00e9tiche est r\u00e9put\u00e9 apporter sant\u00e9, bonheur, f\u00e9condit\u00e9 raisonn\u00e9e, s\u00e9r\u00e9nit\u00e9, chasse et p\u00e8che abondantes ainsi que revalorisation des allocations.\u00a0 Les plus \u00e9labor\u00e9s, taill\u00e9s et sculpt\u00e9s dans les bois les plus durs sont cens\u00e9s \u00e9galement repousser toutes ce qui provoque des d\u00e9mangeaisons et irritations douloureuses tels que les poux d&rsquo;agouti et les questionnaires administratifs.<\/p>\n<p><img loading=\"lazy\" decoding=\"async\" class=\"alignnone size-full wp-image-493\" src=\"http:\/\/tribu-macroqa.francismizio.net\/wp-content\/uploads\/2022\/08\/totemtoucan1.png\" alt=\"\" width=\"1024\" height=\"1024\" \/><\/p>\n","protected":false},"excerpt":{"rendered":"<p>(Dessin\u00e9s par l&rsquo;IA Midjourney, comme toutes les illustrations de bonus). Chaque famille macroqa poss\u00e8de \u00e0 proximit\u00e9 de sa case ou de son carbet un totem de l&rsquo;Esprit Fut\u00e9 Toucan Toco, entit\u00e9 majeure de la cosmogonie de la tribu et esprit des Origines, pr\u00e9sent d\u00e8s le D\u00e9but du Tout-D\u00e9but. R\u00e9alis\u00e9 par le chef de famille le&hellip; <br \/> <a class=\"read-more\" href=\"https:\/\/tribu-macroqa.francis-mizio.net\/tribu-macroqa\/totems-de-lesprit-fute-toucan-toco\/\">Lire la suite<\/a><\/p>\n","protected":false},"author":1,"featured_media":494,"comment_status":"closed","ping_status":"closed","sticky":false,"template":"","format":"standard","meta":{"footnotes":""},"categories":[6],"tags":[],"class_list":["post-492","post","type-post","status-publish","format-standard","has-post-thumbnail","hentry","category-monrev"],"_links":{"self":[{"href":"https:\/\/tribu-macroqa.francis-mizio.net\/tribu-macroqa\/wp-json\/wp\/v2\/posts\/492","targetHints":{"allow":["GET"]}}],"collection":[{"href":"https:\/\/tribu-macroqa.francis-mizio.net\/tribu-macroqa\/wp-json\/wp\/v2\/posts"}],"about":[{"href":"https:\/\/tribu-macroqa.francis-mizio.net\/tribu-macroqa\/wp-json\/wp\/v2\/types\/post"}],"author":[{"embeddable":true,"href":"https:\/\/tribu-macroqa.francis-mizio.net\/tribu-macroqa\/wp-json\/wp\/v2\/users\/1"}],"replies":[{"embeddable":true,"href":"https:\/\/tribu-macroqa.francis-mizio.net\/tribu-macroqa\/wp-json\/wp\/v2\/comments?post=492"}],"version-history":[{"count":0,"href":"https:\/\/tribu-macroqa.francis-mizio.net\/tribu-macroqa\/wp-json\/wp\/v2\/posts\/492\/revisions"}],"wp:featuredmedia":[{"embeddable":true,"href":"https:\/\/tribu-macroqa.francis-mizio.net\/tribu-macroqa\/wp-json\/"}],"wp:attachment":[{"href":"https:\/\/tribu-macroqa.francis-mizio.net\/tribu-macroqa\/wp-json\/wp\/v2\/media?parent=492"}],"wp:term":[{"taxonomy":"category","embeddable":true,"href":"https:\/\/tribu-macroqa.francis-mizio.net\/tribu-macroqa\/wp-json\/wp\/v2\/categories?post=492"},{"taxonomy":"post_tag","embeddable":true,"href":"https:\/\/tribu-macroqa.francis-mizio.net\/tribu-macroqa\/wp-json\/wp\/v2\/tags?post=492"}],"curies":[{"name":"wp","href":"https:\/\/api.w.org\/{rel}","templated":true}]}}