{"id":642,"date":"2022-10-04T10:11:06","date_gmt":"2022-10-04T08:11:06","guid":{"rendered":"http:\/\/tribu-macroqa.francismizio.net\/?p=642"},"modified":"2024-12-17T15:20:11","modified_gmt":"2024-12-17T14:20:11","slug":"en-guyane-lhistoire-encore-taboue-de-leducation-forcee-denfants-amerindiens","status":"publish","type":"post","link":"https:\/\/tribu-macroqa.francis-mizio.net\/tribu-macroqa\/en-guyane-lhistoire-encore-taboue-de-leducation-forcee-denfants-amerindiens\/","title":{"rendered":"En Guyane, l\u2019histoire encore taboue de \u00ab l\u2019\u00e9ducation forc\u00e9e \u00bb d\u2019enfants am\u00e9rindiens"},"content":{"rendered":"<p style=\"text-align: justify;\"><em>Ouest-France 3\/10\/22<\/em><br \/>\nPendant des d\u00e9cennies, des centaines d\u2019enfants am\u00e9rindiens ont \u00e9t\u00e9 plac\u00e9s dans des pensionnats religieux. H\u00e9l\u00e8ne Ferrarini exhume cette histoire d\u00e9chirante qui s\u2019est d\u00e9roul\u00e9e dans le d\u00e9partement fran\u00e7ais d\u2019Am\u00e9rique du Sud.<br \/>\n&gt; <a href=\"https:\/\/www.ouest-france.fr\/region-guyane\/en-guyane-l-histoire-encore-taboue-de-l-education-forcee-d-enfants-amerindiens-90cb2600-3b3f-11ed-a64e-162cc23a7f46\" target=\"_blank\" rel=\"noopener\">Article ici (abonn\u00e9s Ouest-France)<\/a><\/p>\n","protected":false},"excerpt":{"rendered":"<p>Ouest-France 3\/10\/22 Pendant des d\u00e9cennies, des centaines d\u2019enfants am\u00e9rindiens ont \u00e9t\u00e9 plac\u00e9s dans des pensionnats religieux. H\u00e9l\u00e8ne Ferrarini exhume cette histoire d\u00e9chirante qui s\u2019est d\u00e9roul\u00e9e dans le d\u00e9partement fran\u00e7ais d\u2019Am\u00e9rique du Sud. &gt; Article ici (abonn\u00e9s Ouest-France)<\/p>\n","protected":false},"author":1,"featured_media":906,"comment_status":"closed","ping_status":"closed","sticky":false,"template":"","format":"standard","meta":{"footnotes":""},"categories":[5],"tags":[],"class_list":["post-642","post","type-post","status-publish","format-standard","has-post-thumbnail","hentry","category-guyane"],"_links":{"self":[{"href":"https:\/\/tribu-macroqa.francis-mizio.net\/tribu-macroqa\/wp-json\/wp\/v2\/posts\/642","targetHints":{"allow":["GET"]}}],"collection":[{"href":"https:\/\/tribu-macroqa.francis-mizio.net\/tribu-macroqa\/wp-json\/wp\/v2\/posts"}],"about":[{"href":"https:\/\/tribu-macroqa.francis-mizio.net\/tribu-macroqa\/wp-json\/wp\/v2\/types\/post"}],"author":[{"embeddable":true,"href":"https:\/\/tribu-macroqa.francis-mizio.net\/tribu-macroqa\/wp-json\/wp\/v2\/users\/1"}],"replies":[{"embeddable":true,"href":"https:\/\/tribu-macroqa.francis-mizio.net\/tribu-macroqa\/wp-json\/wp\/v2\/comments?post=642"}],"version-history":[{"count":1,"href":"https:\/\/tribu-macroqa.francis-mizio.net\/tribu-macroqa\/wp-json\/wp\/v2\/posts\/642\/revisions"}],"predecessor-version":[{"id":907,"href":"https:\/\/tribu-macroqa.francis-mizio.net\/tribu-macroqa\/wp-json\/wp\/v2\/posts\/642\/revisions\/907"}],"wp:featuredmedia":[{"embeddable":true,"href":"https:\/\/tribu-macroqa.francis-mizio.net\/tribu-macroqa\/wp-json\/wp\/v2\/media\/906"}],"wp:attachment":[{"href":"https:\/\/tribu-macroqa.francis-mizio.net\/tribu-macroqa\/wp-json\/wp\/v2\/media?parent=642"}],"wp:term":[{"taxonomy":"category","embeddable":true,"href":"https:\/\/tribu-macroqa.francis-mizio.net\/tribu-macroqa\/wp-json\/wp\/v2\/categories?post=642"},{"taxonomy":"post_tag","embeddable":true,"href":"https:\/\/tribu-macroqa.francis-mizio.net\/tribu-macroqa\/wp-json\/wp\/v2\/tags?post=642"}],"curies":[{"name":"wp","href":"https:\/\/api.w.org\/{rel}","templated":true}]}}