{"id":715,"date":"2022-12-11T17:48:57","date_gmt":"2022-12-11T16:48:57","guid":{"rendered":"http:\/\/tribu-macroqa.francismizio.net\/?p=715"},"modified":"2024-12-17T15:00:25","modified_gmt":"2024-12-17T14:00:25","slug":"zad-en-guyane-nous-ressentons-la-deforestation-dans-notre-chair","status":"publish","type":"post","link":"https:\/\/tribu-macroqa.francis-mizio.net\/tribu-macroqa\/zad-en-guyane-nous-ressentons-la-deforestation-dans-notre-chair\/","title":{"rendered":"Zad en Guyane\u00a0: \u00ab\u00a0Nous ressentons la d\u00e9forestation dans notre chair\u00a0\u00bb"},"content":{"rendered":"<div class=\"chapo\">\n<p style=\"text-align: justify;\">Oppos\u00e9 \u00e0 une immense centrale \u00e9lectrique en Guyane, qui rasera des hectares de for\u00eat, un peuple a cr\u00e9\u00e9 la premi\u00e8re \u00ab<small class=\"fine d-inline\">\u00a0<\/small>zone autochtone \u00e0 d\u00e9fendre<small class=\"fine d-inline\">\u00a0<\/small>\u00bb. Pour ses repr\u00e9sentants, c\u2019est une \u00ab<small class=\"fine d-inline\">\u00a0<\/small>question de survie<small class=\"fine d-inline\">\u00a0<\/small>\u00bb.<\/p>\n<\/div>\n<div class=\"texte\">\n<p style=\"text-align: justify;\">Une d\u00e9l\u00e9gation autochtone guyanaise s\u2019est rendue en France m\u00e9tropolitaine pour partager son combat contre <a href=\"https:\/\/reporterre.net\/En-Guyane-une-minizad-contre-une-megacentrale-electrique\">une m\u00e9gacentrale \u00e9lectrique<\/a> qui menace une centaine d\u2019hectares de for\u00eat amazonienne dans le village de Prosp\u00e9rit\u00e9, pr\u00e8s de Saint-Laurent-du-Maroni. Apr\u00e8s avoir lanc\u00e9 une occupation du chantier et fait reculer les machines, la population kali\u2019na exige d\u00e9sormais <i>\u00ab<small class=\"fine d-inline\">\u00a0<\/small>le d\u00e9placement du projet<small class=\"fine d-inline\">\u00a0<\/small>\u00bb<\/i>. Elle se dit pr\u00eate <i>\u00ab<small class=\"fine d-inline\">\u00a0<\/small>\u00e0 aller jusqu\u2019au bout<small class=\"fine d-inline\">\u00a0<\/small>\u00bb<\/i> pour d\u00e9fendre d\u2019autres mani\u00e8res d\u2019habiter la Terre, et combattre dans un m\u00eame \u00e9lan le colonialisme et la crise \u00e9cologique.<\/p>\n<p style=\"text-align: justify;\"><i>Reporterre<\/i> a rencontr\u00e9 deux membres de cette d\u00e9l\u00e9gation au cours de leur passage \u00e0 Paris, le chef coutumier Roland Sjabere et le porte-parole de la Jeunesse autochtone de Guyane, Christophe Yanuwana Pierre.<\/p>\n<p style=\"text-align: justify;\"><strong>&gt; <a href=\"https:\/\/reporterre.net\/Zad-en-Guyane-Nous-ressentons-la-deforestation-dans-notre-chair\" target=\"_blank\" rel=\"noopener\">La suite \u00e0 lire ici<\/a><\/strong><\/p>\n<p><em>Photo : Christophe Yanuwana Pierre, porte-parole de la Jeunesse autochtone de Guyane, \u00e0 Paris le 6 d\u00e9cembre 2022. <span class=\"copyright_logo\">&#8211; \u00a9 NnoMan Cadoret \/ Reporterre<\/span><\/em><\/p>\n<\/div>\n","protected":false},"excerpt":{"rendered":"<p>Oppos\u00e9 \u00e0 une immense centrale \u00e9lectrique en Guyane, qui rasera des hectares de for\u00eat, un peuple a cr\u00e9\u00e9 la premi\u00e8re \u00ab\u00a0zone autochtone \u00e0 d\u00e9fendre\u00a0\u00bb. Pour ses repr\u00e9sentants, c\u2019est une \u00ab\u00a0question de survie\u00a0\u00bb. Une d\u00e9l\u00e9gation autochtone guyanaise s\u2019est rendue en France m\u00e9tropolitaine pour partager son combat contre une m\u00e9gacentrale \u00e9lectrique qui menace une centaine d\u2019hectares de&hellip; <br \/> <a class=\"read-more\" href=\"https:\/\/tribu-macroqa.francis-mizio.net\/tribu-macroqa\/zad-en-guyane-nous-ressentons-la-deforestation-dans-notre-chair\/\">Lire la suite<\/a><\/p>\n","protected":false},"author":1,"featured_media":880,"comment_status":"closed","ping_status":"closed","sticky":false,"template":"","format":"standard","meta":{"footnotes":""},"categories":[5],"tags":[],"class_list":["post-715","post","type-post","status-publish","format-standard","has-post-thumbnail","hentry","category-guyane"],"_links":{"self":[{"href":"https:\/\/tribu-macroqa.francis-mizio.net\/tribu-macroqa\/wp-json\/wp\/v2\/posts\/715","targetHints":{"allow":["GET"]}}],"collection":[{"href":"https:\/\/tribu-macroqa.francis-mizio.net\/tribu-macroqa\/wp-json\/wp\/v2\/posts"}],"about":[{"href":"https:\/\/tribu-macroqa.francis-mizio.net\/tribu-macroqa\/wp-json\/wp\/v2\/types\/post"}],"author":[{"embeddable":true,"href":"https:\/\/tribu-macroqa.francis-mizio.net\/tribu-macroqa\/wp-json\/wp\/v2\/users\/1"}],"replies":[{"embeddable":true,"href":"https:\/\/tribu-macroqa.francis-mizio.net\/tribu-macroqa\/wp-json\/wp\/v2\/comments?post=715"}],"version-history":[{"count":1,"href":"https:\/\/tribu-macroqa.francis-mizio.net\/tribu-macroqa\/wp-json\/wp\/v2\/posts\/715\/revisions"}],"predecessor-version":[{"id":881,"href":"https:\/\/tribu-macroqa.francis-mizio.net\/tribu-macroqa\/wp-json\/wp\/v2\/posts\/715\/revisions\/881"}],"wp:featuredmedia":[{"embeddable":true,"href":"https:\/\/tribu-macroqa.francis-mizio.net\/tribu-macroqa\/wp-json\/wp\/v2\/media\/880"}],"wp:attachment":[{"href":"https:\/\/tribu-macroqa.francis-mizio.net\/tribu-macroqa\/wp-json\/wp\/v2\/media?parent=715"}],"wp:term":[{"taxonomy":"category","embeddable":true,"href":"https:\/\/tribu-macroqa.francis-mizio.net\/tribu-macroqa\/wp-json\/wp\/v2\/categories?post=715"},{"taxonomy":"post_tag","embeddable":true,"href":"https:\/\/tribu-macroqa.francis-mizio.net\/tribu-macroqa\/wp-json\/wp\/v2\/tags?post=715"}],"curies":[{"name":"wp","href":"https:\/\/api.w.org\/{rel}","templated":true}]}}